{"id":1719,"date":"2016-05-02T18:00:38","date_gmt":"2016-05-02T16:00:38","guid":{"rendered":"http:\/\/www.canzoniinedite.com\/?p=1719"},"modified":"2024-05-06T11:15:53","modified_gmt":"2024-05-06T09:15:53","slug":"sara-vita-dopo-il-successo-a-the-voice-sceglie-canzoni-inedite-per-il-suo-nuovo-singolo","status":"publish","type":"post","link":"https:\/\/www.canzoniinedite.com\/wordpress\/2016\/05\/sara-vita-dopo-il-successo-a-the-voice-sceglie-canzoni-inedite-per-il-suo-nuovo-singolo\/","title":{"rendered":"Sara Vita, dopo il successo a The Voice, sceglie Canzoni Inedite per il suo nuovo singolo"},"content":{"rendered":"<p>10A distanza di un anno dalla partecipazione a \u201cThe Voice of Italy 2015\u201d e dopo il singolo d\u2019esordio \u201cBrave ragazze\u201d, scritto da J-Ax, Sara Vita torna con un nuovo brano, \u201cUna stronza come me\u201d, in radio a partire da venerd\u00ec 29 luglio e in digital download da luned\u00ec 1 agosto. A breve sar\u00e0 disponibile su YouTube anche il videoclip.<\/p>\n<p>Con questo brano, l\u2019artista salentina incontra, per la prima volta, il genere pop-dance: \u201cho capito che questa canzone sarebbe diventata la mia seconda pelle \u2013 racconta Sara -. Il mio percorso a The Voice \u00e8 stato caratterizzato dall\u2019esecuzione di classici della musica italiana e questa volta volevo sperimentare un genere che da me non ti aspetti, ma nel quale mi trovo alla grande e mi diverte. \u201cUna Stronza come me\u201d \u00e8 un genere nuovo per le mie corde. Mi \u00e8 piaciuta sin da subito l\u2019idea di coniugare la Pop\/Dance al mio timbro sporco e sabbiato su un testo che parla di sentimenti veri\u201d.<\/p>\n<p>Il brano, realizzato dal team di www.canzoniinedite.com, \u00e8 stato scritto e arrangiato da Marco Canigiula (noto autore e produttore, \u00e8 anche direttore artistico dell\u2019etichetta Cantieri Sonori), con la collaborazione di Francesco Sponta, Marco Di Martino (chitarre), Simone D\u2019Andrea (basso) e Simone Tentella (drum machine).<\/p>\n<p>Sara Vita \u00e8 una cantante ed interprete salentina di 21 anni, con un timbro ruvido e riconoscibile al primo ascolto. Grazie allo studio con il suo coach Tony Frassanito, della scuola Dove c\u2019\u00e8 Musica, mette a punto il suo timbro vocale graffiante e sabbioso. Il 2013 \u00e8 un anno di importanti riconoscimenti artistici: riesce a collezionare la vittoria di tre festival locali e nazionali e riceve riconoscimenti dai presidenti di giuria presenti nei diversi eventi: Adriano Pennino, Grazia Di Michele, Diego Calvetti per citarne alcuni. Spinta dalla sua inconfondibile solarit\u00e0 e dal suo entusiasmo, decide di confrontarsi con un pubblico pi\u00f9 ampio e partecipa al talent di Rai Due &#8220;The voice of Italy&#8221; edizione 2015, lasciando il segno gi\u00e0 nelle blind con il brano \u201cAnna e Marco\u201d e conquistando i 4 coach (Piero Pel\u00f9, Noemi, Roby e Francesco Facchinetti, J-Ax). Entra nel team di J-Ax e il lungo percorso nel talent la vede ad un passo dalla vittoria finale, grazie anche ad un consenso popolare che, attraverso il televoto, esprime grande sostegno all&#8217;artista. Durante la semifinale presenta l\u2019inedito scritto da J-Ax e i fratelli Luchi: \u201cBrave Ragazze\u201d, singolo che risulter\u00e0 il pi\u00f9 venduto di The Voice 2015 ed entra, in poche ore, nella top 10 della classifica ITunes. Nell&#8217;estate 2015 apre diverse tappe del tour di J-Ax &#8211; Il Bello d&#8217;esser Brutti. Il videoclip del brano inedito \u201cBrave Ragazze\u201d su YouTube conta 20.000 visualizzazioni dopo sole due settimane dalla pubblicazione sul Canale Ufficiale. Il 4 marzo 2016 nasce, dalla collaborazione con un altro talento salentino, la cover straordinaria ed originale di \u201cE la luna buss\u00f2\u201d di Loredana Bert\u00e8. Una reinterpretazione inedita dove il pop graffiante incontra il rap e il funk pi\u00f9 sfrontato toccando sfumature reggae.<\/p>\n","protected":false},"excerpt":{"rendered":"<p>10A distanza di un anno dalla partecipazione a \u201cThe Voice of Italy 2015\u201d e dopo il singolo d\u2019esordio \u201cBrave ragazze\u201d, scritto da J-Ax, Sara Vita torna con un nuovo brano, \u201cUna stronza come me\u201d, in radio a partire da venerd\u00ec 29 luglio e in digital download da luned\u00ec 1 agosto. A breve sar\u00e0 disponibile su&#8230;<\/p>\n<p><a rel=\"bookmark\" class=\"decibel-button-text wvc-button wvc-button-size-sm wolf-core-button wolf-core-button-size-sm\" href=\"https:\/\/www.canzoniinedite.com\/wordpress\/2016\/05\/sara-vita-dopo-il-successo-a-the-voice-sceglie-canzoni-inedite-per-il-suo-nuovo-singolo\/\"><small class=\"wvc-button-background-fill wolf-core-button-background-fill\"><\/small><span>continue reading<\/span><\/a><\/p>\n","protected":false},"author":1,"featured_media":1722,"comment_status":"open","ping_status":"open","sticky":false,"template":"","format":"standard","meta":{"_joinchat":[],"footnotes":"","jetpack_post_was_ever_published":false},"categories":[8,64],"tags":[61,60,59,54,56],"class_list":["post-1719","post","type-post","status-publish","format-standard","has-post-thumbnail","hentry","category-news","category-carosello","tag-canzoni-inedite","tag-francesco-sponta","tag-marco-canigiula","tag-sara-vita","tag-the-voice","entry-post-skin-dark","entry","clearfix","entry-grid","entry-columns-default","entry-post-module-layout-fullwidth","thumbnail-color-tone-light","entry-post","entry-masonry","entry-post-masonry"],"jetpack-related-posts":[],"jetpack_featured_media_url":"https:\/\/i0.wp.com\/www.canzoniinedite.com\/wordpress\/wp-content\/uploads\/2016\/10\/sara-vita-felline-cover-e1469716558908.png?fit=600%2C600&ssl=1","_links":{"self":[{"href":"https:\/\/www.canzoniinedite.com\/wordpress\/wp-json\/wp\/v2\/posts\/1719","targetHints":{"allow":["GET"]}}],"collection":[{"href":"https:\/\/www.canzoniinedite.com\/wordpress\/wp-json\/wp\/v2\/posts"}],"about":[{"href":"https:\/\/www.canzoniinedite.com\/wordpress\/wp-json\/wp\/v2\/types\/post"}],"author":[{"embeddable":true,"href":"https:\/\/www.canzoniinedite.com\/wordpress\/wp-json\/wp\/v2\/users\/1"}],"replies":[{"embeddable":true,"href":"https:\/\/www.canzoniinedite.com\/wordpress\/wp-json\/wp\/v2\/comments?post=1719"}],"version-history":[{"count":5,"href":"https:\/\/www.canzoniinedite.com\/wordpress\/wp-json\/wp\/v2\/posts\/1719\/revisions"}],"predecessor-version":[{"id":1738,"href":"https:\/\/www.canzoniinedite.com\/wordpress\/wp-json\/wp\/v2\/posts\/1719\/revisions\/1738"}],"wp:featuredmedia":[{"embeddable":true,"href":"https:\/\/www.canzoniinedite.com\/wordpress\/wp-json\/wp\/v2\/media\/1722"}],"wp:attachment":[{"href":"https:\/\/www.canzoniinedite.com\/wordpress\/wp-json\/wp\/v2\/media?parent=1719"}],"wp:term":[{"taxonomy":"category","embeddable":true,"href":"https:\/\/www.canzoniinedite.com\/wordpress\/wp-json\/wp\/v2\/categories?post=1719"},{"taxonomy":"post_tag","embeddable":true,"href":"https:\/\/www.canzoniinedite.com\/wordpress\/wp-json\/wp\/v2\/tags?post=1719"}],"curies":[{"name":"wp","href":"https:\/\/api.w.org\/{rel}","templated":true}]}}